{"id":318,"date":"2022-10-18T10:50:22","date_gmt":"2022-10-18T10:50:22","guid":{"rendered":"https:\/\/test1.elche.es\/?p=318"},"modified":"2022-10-18T11:45:33","modified_gmt":"2022-10-18T11:45:33","slug":"el-nombre-de-la-cuenta-de-correo-profesional-3","status":"publish","type":"post","link":"https:\/\/test1.elche.es\/index.php\/2022\/10\/18\/el-nombre-de-la-cuenta-de-correo-profesional-3\/","title":{"rendered":"El nombre de la cuenta de correo profesional 3"},"content":{"rendered":"\n<p style=\"font-size:1.4em\">Opci\u00f3n 2<\/p>\n\n\n\n<p>Puedes cambiar el orden de tu nombre y apellidos.<br>Por ejemplo: apellido1apellido2nombre<\/p>\n\n\n\n<figure class=\"wp-block-image size-full is-resized\"><img loading=\"lazy\" decoding=\"async\" src=\"https:\/\/test1.elche.es\/wp-content\/uploads\/2022\/10\/cuenta_buena.jpg\" alt=\"\" class=\"wp-image-320\" width=\"288\" height=\"93\" srcset=\"https:\/\/test1.elche.es\/wp-content\/uploads\/2022\/10\/cuenta_buena.jpg 384w, https:\/\/test1.elche.es\/wp-content\/uploads\/2022\/10\/cuenta_buena-300x97.jpg 300w\" sizes=\"auto, (max-width: 288px) 100vw, 288px\" \/><\/figure>\n\n\n\n<p><b>\u00a1Esta opci\u00f3n est\u00e1 disponible!<\/b> as\u00ed que utilizaremos \u00abgarciapereznoa\u00bb como ejemplo para abrir la cuenta de correo profesional en la <b>opci\u00f3n \u00abcrear cuenta de correo profesional\u00bb<\/b>.<\/p>\n\n\n\n<p>Aqu\u00ed tienes <b>otras posibilidades de nombre para tu cuenta<\/b> profesional por si las opciones que pruebes ya pertenecen a otro usuario.<\/p>\n","protected":false},"excerpt":{"rendered":"<p>Opci\u00f3n 2 Puedes cambiar el orden de tu nombre y apellidos.Por ejemplo: apellido1apellido2nombre \u00a1Esta opci\u00f3n est\u00e1 disponible! as\u00ed que utilizaremos \u00abgarciapereznoa\u00bb como ejemplo para abrir la cuenta de correo profesional en la opci\u00f3n \u00abcrear cuenta de correo profesional\u00bb. Aqu\u00ed tienes otras posibilidades de nombre para tu cuenta profesional por si las opciones que pruebes ya&hellip; <a class=\"more-link\" href=\"https:\/\/test1.elche.es\/index.php\/2022\/10\/18\/el-nombre-de-la-cuenta-de-correo-profesional-3\/\">Seguir leyendo <span class=\"screen-reader-text\">El nombre de la cuenta de correo profesional 3<\/span><\/a><\/p>\n","protected":false},"author":1,"featured_media":319,"comment_status":"closed","ping_status":"closed","sticky":false,"template":"","format":"standard","meta":{"footnotes":""},"categories":[1],"tags":[13],"class_list":["post-318","post","type-post","status-publish","format-standard","has-post-thumbnail","hentry","category-uncategorized","tag-nombre-de-la-cuenta","entry"],"_links":{"self":[{"href":"https:\/\/test1.elche.es\/index.php\/wp-json\/wp\/v2\/posts\/318","targetHints":{"allow":["GET"]}}],"collection":[{"href":"https:\/\/test1.elche.es\/index.php\/wp-json\/wp\/v2\/posts"}],"about":[{"href":"https:\/\/test1.elche.es\/index.php\/wp-json\/wp\/v2\/types\/post"}],"author":[{"embeddable":true,"href":"https:\/\/test1.elche.es\/index.php\/wp-json\/wp\/v2\/users\/1"}],"replies":[{"embeddable":true,"href":"https:\/\/test1.elche.es\/index.php\/wp-json\/wp\/v2\/comments?post=318"}],"version-history":[{"count":3,"href":"https:\/\/test1.elche.es\/index.php\/wp-json\/wp\/v2\/posts\/318\/revisions"}],"predecessor-version":[{"id":338,"href":"https:\/\/test1.elche.es\/index.php\/wp-json\/wp\/v2\/posts\/318\/revisions\/338"}],"wp:featuredmedia":[{"embeddable":true,"href":"https:\/\/test1.elche.es\/index.php\/wp-json\/wp\/v2\/media\/319"}],"wp:attachment":[{"href":"https:\/\/test1.elche.es\/index.php\/wp-json\/wp\/v2\/media?parent=318"}],"wp:term":[{"taxonomy":"category","embeddable":true,"href":"https:\/\/test1.elche.es\/index.php\/wp-json\/wp\/v2\/categories?post=318"},{"taxonomy":"post_tag","embeddable":true,"href":"https:\/\/test1.elche.es\/index.php\/wp-json\/wp\/v2\/tags?post=318"}],"curies":[{"name":"wp","href":"https:\/\/api.w.org\/{rel}","templated":true}]}}