{"id":291,"date":"2022-10-17T10:56:24","date_gmt":"2022-10-17T10:56:24","guid":{"rendered":"https:\/\/test1.elche.es\/?p=291"},"modified":"2022-10-18T11:09:07","modified_gmt":"2022-10-18T11:09:07","slug":"el-nombre-de-la-cuenta-de-correo-profesional-2","status":"publish","type":"post","link":"https:\/\/test1.elche.es\/index.php\/2022\/10\/17\/el-nombre-de-la-cuenta-de-correo-profesional-2\/","title":{"rendered":"El nombre de la cuenta de correo profesional 2"},"content":{"rendered":"\n<p style=\"font-size:1.3em\">Opci\u00f3n 1<\/p>\n\n\n\n<figure class=\"wp-block-image size-full is-resized\"><img loading=\"lazy\" decoding=\"async\" src=\"https:\/\/test1.elche.es\/wp-content\/uploads\/2022\/10\/video-cuenta-noa-garcia-2a.gif\" alt=\"\" class=\"wp-image-293\" width=\"314\" height=\"189\"\/><\/figure>\n\n\n\n<p>Para este caso, el nombre del correo ser\u00e1: <b>noagarciaperez<\/b> escrito TODO junto y sin may\u00fasculas.<\/p>\n\n\n\n<p>Pero <b>es posible que otra persona ya est\u00e9 registrado con esta identidad<\/b>.<\/p>\n\n\n\n<p>Entonces, \u00bfqu\u00e9 puedes hacer? <b>Vamos a ver diferentes opciones.<\/b><\/p>\n","protected":false},"excerpt":{"rendered":"<p>Opci\u00f3n 1 Para este caso, el nombre del correo ser\u00e1: noagarciaperez escrito TODO junto y sin may\u00fasculas. Pero es posible que otra persona ya est\u00e9 registrado con esta identidad. Entonces, \u00bfqu\u00e9 puedes hacer? Vamos a ver diferentes opciones.<\/p>\n","protected":false},"author":1,"featured_media":292,"comment_status":"closed","ping_status":"closed","sticky":false,"template":"","format":"standard","meta":{"footnotes":""},"categories":[1],"tags":[13],"class_list":["post-291","post","type-post","status-publish","format-standard","has-post-thumbnail","hentry","category-uncategorized","tag-nombre-de-la-cuenta","entry"],"_links":{"self":[{"href":"https:\/\/test1.elche.es\/index.php\/wp-json\/wp\/v2\/posts\/291","targetHints":{"allow":["GET"]}}],"collection":[{"href":"https:\/\/test1.elche.es\/index.php\/wp-json\/wp\/v2\/posts"}],"about":[{"href":"https:\/\/test1.elche.es\/index.php\/wp-json\/wp\/v2\/types\/post"}],"author":[{"embeddable":true,"href":"https:\/\/test1.elche.es\/index.php\/wp-json\/wp\/v2\/users\/1"}],"replies":[{"embeddable":true,"href":"https:\/\/test1.elche.es\/index.php\/wp-json\/wp\/v2\/comments?post=291"}],"version-history":[{"count":4,"href":"https:\/\/test1.elche.es\/index.php\/wp-json\/wp\/v2\/posts\/291\/revisions"}],"predecessor-version":[{"id":334,"href":"https:\/\/test1.elche.es\/index.php\/wp-json\/wp\/v2\/posts\/291\/revisions\/334"}],"wp:featuredmedia":[{"embeddable":true,"href":"https:\/\/test1.elche.es\/index.php\/wp-json\/wp\/v2\/media\/292"}],"wp:attachment":[{"href":"https:\/\/test1.elche.es\/index.php\/wp-json\/wp\/v2\/media?parent=291"}],"wp:term":[{"taxonomy":"category","embeddable":true,"href":"https:\/\/test1.elche.es\/index.php\/wp-json\/wp\/v2\/categories?post=291"},{"taxonomy":"post_tag","embeddable":true,"href":"https:\/\/test1.elche.es\/index.php\/wp-json\/wp\/v2\/tags?post=291"}],"curies":[{"name":"wp","href":"https:\/\/api.w.org\/{rel}","templated":true}]}}