{"id":271,"date":"2022-10-17T10:43:31","date_gmt":"2022-10-17T10:43:31","guid":{"rendered":"https:\/\/test1.elche.es\/?p=271"},"modified":"2022-10-18T10:44:07","modified_gmt":"2022-10-18T10:44:07","slug":"el-nombre-de-la-cuenta-de-correo-profesional-1","status":"publish","type":"post","link":"https:\/\/test1.elche.es\/index.php\/2022\/10\/17\/el-nombre-de-la-cuenta-de-correo-profesional-1\/","title":{"rendered":"El nombre de la cuenta de correo profesional 1"},"content":{"rendered":"\n<p style=\"font-size:1.6em\">El nombre de la cuenta de correo profesional<\/p>\n\n\n\n<p>El nombre que le das a tu correo <b>ser\u00e1 la manera de presentarte cuando lo env\u00edes<\/b>, y te servir\u00e1 para que qui\u00e9n lo reciba te identifique y recuerde.<\/p>\n\n\n\n<p>Por eso si le das tu nombre y apellidos <b>el destinatario conoce tu identidad<\/b> en cuanto lo reciba.<\/p>\n\n\n\n<p>Suponemos que tus datos son:<\/p>\n\n\n\n<p><b>Noa Garc\u00eda P\u00e9rez y vives en Elche.<\/b><\/p>\n","protected":false},"excerpt":{"rendered":"<p>El nombre de la cuenta de correo profesional El nombre que le das a tu correo ser\u00e1 la manera de presentarte cuando lo env\u00edes, y te servir\u00e1 para que qui\u00e9n lo reciba te identifique y recuerde. Por eso si le das tu nombre y apellidos el destinatario conoce tu identidad en cuanto lo reciba. Suponemos&hellip; <a class=\"more-link\" href=\"https:\/\/test1.elche.es\/index.php\/2022\/10\/17\/el-nombre-de-la-cuenta-de-correo-profesional-1\/\">Seguir leyendo <span class=\"screen-reader-text\">El nombre de la cuenta de correo profesional 1<\/span><\/a><\/p>\n","protected":false},"author":1,"featured_media":269,"comment_status":"closed","ping_status":"closed","sticky":false,"template":"","format":"standard","meta":{"footnotes":""},"categories":[1],"tags":[13],"class_list":["post-271","post","type-post","status-publish","format-standard","has-post-thumbnail","hentry","category-uncategorized","tag-nombre-de-la-cuenta","entry"],"_links":{"self":[{"href":"https:\/\/test1.elche.es\/index.php\/wp-json\/wp\/v2\/posts\/271","targetHints":{"allow":["GET"]}}],"collection":[{"href":"https:\/\/test1.elche.es\/index.php\/wp-json\/wp\/v2\/posts"}],"about":[{"href":"https:\/\/test1.elche.es\/index.php\/wp-json\/wp\/v2\/types\/post"}],"author":[{"embeddable":true,"href":"https:\/\/test1.elche.es\/index.php\/wp-json\/wp\/v2\/users\/1"}],"replies":[{"embeddable":true,"href":"https:\/\/test1.elche.es\/index.php\/wp-json\/wp\/v2\/comments?post=271"}],"version-history":[{"count":14,"href":"https:\/\/test1.elche.es\/index.php\/wp-json\/wp\/v2\/posts\/271\/revisions"}],"predecessor-version":[{"id":316,"href":"https:\/\/test1.elche.es\/index.php\/wp-json\/wp\/v2\/posts\/271\/revisions\/316"}],"wp:featuredmedia":[{"embeddable":true,"href":"https:\/\/test1.elche.es\/index.php\/wp-json\/wp\/v2\/media\/269"}],"wp:attachment":[{"href":"https:\/\/test1.elche.es\/index.php\/wp-json\/wp\/v2\/media?parent=271"}],"wp:term":[{"taxonomy":"category","embeddable":true,"href":"https:\/\/test1.elche.es\/index.php\/wp-json\/wp\/v2\/categories?post=271"},{"taxonomy":"post_tag","embeddable":true,"href":"https:\/\/test1.elche.es\/index.php\/wp-json\/wp\/v2\/tags?post=271"}],"curies":[{"name":"wp","href":"https:\/\/api.w.org\/{rel}","templated":true}]}}